{"id":91743,"date":"2025-11-06T10:20:56","date_gmt":"2025-11-06T09:20:56","guid":{"rendered":"https:\/\/spbe.ch\/?p=91743"},"modified":"2025-11-06T12:49:38","modified_gmt":"2025-11-06T11:49:38","slug":"investir-plutot-que-bloquer-le-ps-demande-un-changement-de-cap-dans-la-politique-financiere","status":"publish","type":"post","link":"https:\/\/spbe.ch\/fr\/blog\/2025\/11\/06\/investir-plutot-que-bloquer-le-ps-demande-un-changement-de-cap-dans-la-politique-financiere\/","title":{"rendered":"Investir plut\u00f4t que bloquer : le PS demande un changement de cap dans la politique financi\u00e8re"},"content":{"rendered":"\n<p><strong>La majorit\u00e9 bourgeoise de la commission des finances aggrave la proposition d\u00e9j\u00e0 insuffisante du Conseil-ex\u00e9cutif pour le budget 2026 et le plan financier. Les chiffres actuels le montrent clairement : les investissements urgents pourraient \u00eatre financ\u00e9s sans probl\u00e8me et le frein \u00e0 l&#8217;endettement pourrait bient\u00f4t \u00eatre suspendu. N\u00e9anmoins, le personnel des \u00e9coles, des \u00e9tablissements de soins et des institutions pour personnes handicap\u00e9es devrait rester d\u00e9favoris\u00e9, tandis que des cadeaux fiscaux continueraient d&#8217;\u00eatre distribu\u00e9s aux plus riches. Le PS exige un changement de cap clair.<\/strong><\/p>\n\n\n\n<p>Les cons\u00e9quences sont particuli\u00e8rement graves en ce qui concerne les investissements dans les hautes \u00e9coles, les transports et les infrastructures. Lors de la session d&#8217;hiver 2024, la majorit\u00e9 bourgeoise du Grand Conseil \u2013 du PVL \u00e0 l&#8217;UDC \u2013 avait supprim\u00e9 ou report\u00e9 des projets tels que le campus \u00e9ducatif de Burgdorf, les contributions au tramway Fischerm\u00e4tteli ou l&#8217;agrandissement des universit\u00e9s et des gymnases, alors que d&#8217;ici 2027, il manquera par exemple des locaux scolaires pour plus de 60 classes suppl\u00e9mentaires dans le secondaire. Aujourd&#8217;hui, il appara\u00eet que ces suppressions \u00e0 court terme \u00e9taient totalement injustifi\u00e9es : le canton peut facilement se permettre ces investissements n\u00e9cessaires. Les derniers chiffres montrent en effet que le canton de Berne pourrait couvrir ses besoins d&#8217;investissement jusqu&#8217;en 2031 sans m\u00eame s&#8217;endetter davantage. \u00ab Il est irresponsable que, malgr\u00e9 une situation financi\u00e8re optimale, d&#8217;importants projets en mati\u00e8re d&#8217;\u00e9ducation et d&#8217;infrastructure aient \u00e9t\u00e9 supprim\u00e9s ou report\u00e9s \u00bb, d\u00e9clare Tanja Bauer, d\u00e9put\u00e9e du PS au Grand Conseil. \u00ab Nous devons agir maintenant et investir dans l&#8217;avenir. \u00bb<\/p>\n\n\n\n<p><strong>D\u00e9j\u00e0 plus de 800 millions de francs de cadeaux fiscaux<\/strong><\/p>\n\n\n\n<p>Depuis 2001, le canton de Berne a distribu\u00e9 plus de 800 millions de francs de cadeaux fiscaux aux particuliers et aux entreprises, et cette tendance devrait se poursuivre. Le plan financier et des t\u00e2ches 2027-2029 pr\u00e9voit de nouveaux all\u00e8gements, notamment le lissage de la progressivit\u00e9 fiscale et des r\u00e9ductions du taux d&#8217;imposition. Le PS soutient les all\u00e8gements cibl\u00e9s pour les revenus faibles \u00e0 moyens, mais rejette les baisses d&#8217;imp\u00f4ts suppl\u00e9mentaires. \u00ab Le canton ne peut pas \u00e0 la fois baisser les imp\u00f4ts et faire des \u00e9conomies sur le personnel, l&#8217;\u00e9ducation ou les soins \u00bb, souligne la d\u00e9put\u00e9e Maurane Riesen.<\/p>\n\n\n\n<p>Alors que les imp\u00f4ts des entreprises et des personnes fortun\u00e9es continuent de baisser, les salaires et les conditions de travail dans le secteur public et subventionn\u00e9 restent nettement inf\u00e9rieurs \u00e0 ceux des cantons voisins. Depuis des ann\u00e9es, des programmes de r\u00e9duction des d\u00e9penses sont justifi\u00e9s par de pr\u00e9tendues contraintes budg\u00e9taires, dont la population subit encore aujourd&#8217;hui les cons\u00e9quences. Les frais de garde d&#8217;enfants et la participation aux co\u00fbts des places en maison de retraite sont sup\u00e9rieurs \u00e0 la moyenne, les r\u00e9ductions de primes sont inf\u00e9rieures \u00e0 la moyenne et les transports publics restent insuffisants dans les zones rurales.<\/p>\n\n\n\n<p><strong>Le PS r\u00e9clame des salaires \u00e9quitables et une attitude responsable envers le personnel<\/strong><\/p>\n\n\n\n<p>Malgr\u00e9 des exc\u00e9dents importants, la majorit\u00e9 bourgeoise de la commission des finances propose de nouvelles d\u00e9t\u00e9riorations pour le personnel : elle veut r\u00e9duire la compensation du rench\u00e9rissement et supprimer des postes importants. L\u2019offre sp\u00e9cialis\u00e9e de l\u2019\u00e9cole obligatoire est durement touch\u00e9e, puisque la majorit\u00e9 de la commission des finances propose d&#8217;\u00e9conomiser 30 millions de francs, alors que les besoins augmentent fortement.<\/p>\n\n\n\n<p>Le PS exige que le retard en mati\u00e8re de compensation du rench\u00e9rissement pour le personnel cantonal et les employ\u00e9\u00b7es des entreprises subventionn\u00e9es soit enfin combl\u00e9. Sont concern\u00e9\u00b7es, par exemple, les enseignant\u00b7es, le personnel soignant dans les maisons de retraite et les \u00e9tablissements m\u00e9dico-sociaux ou les employ\u00e9\u00b7es des institutions pour personnes handicap\u00e9es. Toutes et tous accomplissent un travail essentiel pour la soci\u00e9t\u00e9 et ressentent directement dans leur porte-monnaie l&#8217;absence de compensation du rench\u00e9rissement. \u00ab Tout est devenu plus cher : les loyers, les primes d&#8217;assurance maladie, les prix de l&#8217;\u00e9nergie, les denr\u00e9es alimentaires. Mais les salaires n&#8217;ont pas \u00e9t\u00e9 index\u00e9s sur le rench\u00e9rissement. Cela limite le pouvoir d&#8217;achat de nombreuses personnes dans le canton de Berne et est injuste. Nous avons besoin de leur travail \u2013 ils et elles ne m\u00e9ritent pas de subir des pertes salariales \u00bb, souligne Andrea R\u00fcfenacht, vice-pr\u00e9sidente de la Fiko et d\u00e9put\u00e9e au Grand Conseil.<\/p>\n\n\n\n<h4 class=\"wp-block-heading\">Pour plus d&#8217;informations<\/h4>\n\n\n\n<p>Andrea R\u00fcfenacht, d\u00e9put\u00e9e au Grand Conseil, vice-pr\u00e9sidente de la Fiko, 079 462 99 46<\/p>\n\n\n\n<p>Maurane Riesen, d\u00e9put\u00e9e au Grand Conseil et membre de la direction du parti, 076 588 52 99<\/p>\n\n\n\n<p>Tanja Bauer, d\u00e9put\u00e9e au Grand Conseil et pr\u00e9sidente de la commune de K\u00f6niz, 079 203 27 20<\/p>\n","protected":false},"excerpt":{"rendered":"<p>La majorit\u00e9 bourgeoise de la commission des finances aggrave la proposition d\u00e9j\u00e0 insuffisante du Conseil-ex\u00e9cutif pour le budget 2026 et le plan financier. Les chiffres actuels le montrent clairement : [&hellip;]<\/p>\n","protected":false},"author":161,"featured_media":0,"comment_status":"closed","ping_status":"closed","sticky":false,"template":"","format":"standard","meta":{"footnotes":""},"categories":[15466],"tags":[],"cpt-channel":[2747,2764],"class_list":["post-91743","post","type-post","status-publish","format-standard","hentry","category-medienmitteilung","cpt-channel-communiques-de-presse","cpt-channel-medienmitteilungen"],"_links":{"self":[{"href":"https:\/\/spbe.ch\/fr\/wp-json\/wp\/v2\/posts\/91743","targetHints":{"allow":["GET"]}}],"collection":[{"href":"https:\/\/spbe.ch\/fr\/wp-json\/wp\/v2\/posts"}],"about":[{"href":"https:\/\/spbe.ch\/fr\/wp-json\/wp\/v2\/types\/post"}],"author":[{"embeddable":true,"href":"https:\/\/spbe.ch\/fr\/wp-json\/wp\/v2\/users\/161"}],"replies":[{"embeddable":true,"href":"https:\/\/spbe.ch\/fr\/wp-json\/wp\/v2\/comments?post=91743"}],"version-history":[{"count":1,"href":"https:\/\/spbe.ch\/fr\/wp-json\/wp\/v2\/posts\/91743\/revisions"}],"predecessor-version":[{"id":91744,"href":"https:\/\/spbe.ch\/fr\/wp-json\/wp\/v2\/posts\/91743\/revisions\/91744"}],"wp:attachment":[{"href":"https:\/\/spbe.ch\/fr\/wp-json\/wp\/v2\/media?parent=91743"}],"wp:term":[{"taxonomy":"category","embeddable":true,"href":"https:\/\/spbe.ch\/fr\/wp-json\/wp\/v2\/categories?post=91743"},{"taxonomy":"post_tag","embeddable":true,"href":"https:\/\/spbe.ch\/fr\/wp-json\/wp\/v2\/tags?post=91743"},{"taxonomy":"cpt-channel","embeddable":true,"href":"https:\/\/spbe.ch\/fr\/wp-json\/wp\/v2\/cpt-channel?post=91743"}],"curies":[{"name":"wp","href":"https:\/\/api.w.org\/{rel}","templated":true}]}}